{"id":720,"date":"2014-07-06T23:03:52","date_gmt":"2014-07-06T22:03:52","guid":{"rendered":"http:\/\/www.familie-christian.com\/hausbau\/?p=720"},"modified":"2014-07-09T13:49:11","modified_gmt":"2014-07-09T12:49:11","slug":"baustellenurlaub","status":"publish","type":"post","link":"https:\/\/www.familie-christian.com\/hausbau\/?p=720","title":{"rendered":"Baustellenurlaub"},"content":{"rendered":"<p>Die erste Juli-Woche haben wir uns freigenommen um den Innenausbau weiter voran zu treiben. Und das ist uns auch gut gelungen:<\/p>\n<p>Das Bad im EG hatten wir ja schon in einer Wochenend-Aktion mit OSB und Gipskartonplatten\u00a0verkleidet. Der Rest des EGs hatte noch offene W\u00e4nde. Bis jetzt&#8230;<\/p>\n<p>Bis auf die Flur-Wand, an der die Treppe verschraubt werden soll, sind alle W\u00e4nde ged\u00e4mmt sowie OSB und Gipskartonplatten versehen. Auch im Technikraum herrscht jetzt Ordnung an der &#8222;Elektrik-Wand&#8220;. Was bisher so aussah &#8230;<\/p>\n<p><a href=\"http:\/\/www.familie-christian.com\/hausbau\/wp-content\/uploads\/2014\/04\/wpid-img_20140418_172639.jpg\"><img loading=\"lazy\" decoding=\"async\" class=\"aligncenter size-medium wp-image-573\" src=\"http:\/\/www.familie-christian.com\/hausbau\/wp-content\/uploads\/2014\/04\/wpid-img_20140418_172639-300x225.jpg\" alt=\"wpid-img_20140418_172639.jpg\" width=\"300\" height=\"225\" srcset=\"https:\/\/www.familie-christian.com\/hausbau\/wp-content\/uploads\/2014\/04\/wpid-img_20140418_172639-300x225.jpg 300w, https:\/\/www.familie-christian.com\/hausbau\/wp-content\/uploads\/2014\/04\/wpid-img_20140418_172639-400x300.jpg 400w, https:\/\/www.familie-christian.com\/hausbau\/wp-content\/uploads\/2014\/04\/wpid-img_20140418_172639.jpg 500w\" sizes=\"auto, (max-width: 300px) 100vw, 300px\" \/><\/a>sieht jetzt so aus:<!--more--><\/p>\n<p><a href=\"http:\/\/www.familie-christian.com\/hausbau\/wp-content\/uploads\/2014\/07\/IMG_20140705_164239.jpg\"><img loading=\"lazy\" decoding=\"async\" class=\"aligncenter size-medium wp-image-721\" src=\"http:\/\/www.familie-christian.com\/hausbau\/wp-content\/uploads\/2014\/07\/IMG_20140705_164239-300x225.jpg\" alt=\"IMG_20140705_164239\" width=\"300\" height=\"225\" srcset=\"https:\/\/www.familie-christian.com\/hausbau\/wp-content\/uploads\/2014\/07\/IMG_20140705_164239-300x225.jpg 300w, https:\/\/www.familie-christian.com\/hausbau\/wp-content\/uploads\/2014\/07\/IMG_20140705_164239-1024x768.jpg 1024w, https:\/\/www.familie-christian.com\/hausbau\/wp-content\/uploads\/2014\/07\/IMG_20140705_164239-400x300.jpg 400w\" sizes=\"auto, (max-width: 300px) 100vw, 300px\" \/><\/a>Naja, okay. Nicht ganz. Die Wand ist bereits\u00a0mit Gipskartonplatten verkleidet. Hatte im Eifer des Gefechts nur kein Foto mehr gemacht.<\/p>\n<p>Das Auflegen der Kabel auf die Klemmen war ganz sch\u00f6n m\u00fchselig. Technisch kein gro\u00dfes Problem. Praktisch aber schon. Ist zwar nicht das erste mal dass ich einen Schrank verkable, aber das erste mal wo ich auch die Planung selbst gemacht habe. Beim n\u00e4chsten Schrank bin ich schlauer: Es ist wohl klug, oberhalb der obersten Reihe mit Reihenklemmen eine Reihe Platz einzur\u00e4umen. Denn tut man das nicht, so pr\u00e4gen wunde Fingerkuppen die Arbeit: Zwischen oberster Klemme und dem Schrank passt gerade noch so ein Finger. Und da m\u00fcssen die Kabel zur Klemme gef\u00fchrt werden. Das geht, ist aber eine unn\u00f6tige Schinderei.<\/p>\n<p>W\u00e4re ich nicht auf die grandiose Idee gekommen die Schrankinnereien daheim auf dem Schreibtisch vor zu verkabeln, w\u00e4re mir das auf der Baustelle das Platzproblem noch rechtzeitig aufgefallen. Aber so ist es jetzt eben ein wenig beengt. Daf\u00fcr hab ich darunter jetzt noch vieeel Platz.<\/p>\n<p>An und f\u00fcr sich w\u00e4re es auch sinnvoll gewesen bei der Menge an Kabeln den Schrank eine Reihe breiter zu w\u00e4hlen (sind jetzt 5 Reihen). Dann h\u00e4tte das mit der Kabeleinf\u00fchrung &#8222;von hinten&#8220; auch besser geklappt, da mehr Platz. Ging aber auch so und hinterher ist man immer schlauer.<\/p>\n<p><img loading=\"lazy\" decoding=\"async\" class=\"aligncenter size-medium wp-image-724\" src=\"http:\/\/www.familie-christian.com\/hausbau\/wp-content\/uploads\/2014\/07\/IMG_20140708_071126-300x225.jpg\" alt=\"IMG_20140708_071126\" width=\"300\" height=\"225\" srcset=\"https:\/\/www.familie-christian.com\/hausbau\/wp-content\/uploads\/2014\/07\/IMG_20140708_071126-300x225.jpg 300w, https:\/\/www.familie-christian.com\/hausbau\/wp-content\/uploads\/2014\/07\/IMG_20140708_071126-1024x768.jpg 1024w, https:\/\/www.familie-christian.com\/hausbau\/wp-content\/uploads\/2014\/07\/IMG_20140708_071126-400x300.jpg 400w\" sizes=\"auto, (max-width: 300px) 100vw, 300px\" \/><\/p>\n<p>Die Spachtelarbeiten sind auch weiter voran gekommen. Im Dachgeschoss ist Zimmer 3 von 5 fertig. Im Erdgeschoss sind Schlafzimmer, der Gro\u00dfbereich Wohnen\/Essen\/K\u00fcche, sowie der Eingangsbereich mit dem ersten Arbeitsgang fertig. Fehlt noch der 2. Arbeitsgang sowie das schleifen. Wird &#8211; wenn alles klappt &#8211; diesen Monat noch fertig.<\/p>\n<p>Was nicht so gut geklappt hat war das Thema Treppe. Schuld daran ist ein kaputter LKW auf dem Weg zu uns. Am vergangenen Donnerstag sollte Nachmittags geliefert werden. Am Mittag ruft mich der Gesch\u00e4ftsf\u00fchrer an&#8230; LKW defekt, steht bei Stuttgart und ist im Service. Vielleicht klappt es ja am Freitag. Man wolle mich gegen 08:00 Uhr anrufen.<\/p>\n<p>Als um zehn Uhr noch immer kein Anruf kam hab ich selbst angerufen. Fazit: Die Spedition muss einen Ersatz-LKW einsetzen. Neuer Liefertermin: Montag, zwischen 14 und 15 Uhr. Toll.<\/p>\n<p>Jetzt hei\u00dft es die Lieferung abwarten und dann das Material begutachten und den Einbau planen.<\/p>\n<p>In der Zwischenzeit m\u00fcssen wir uns langsam mit der Wahl der Dusch- und Badewanne festlegen, so dass die Fu\u00dfbodenheizung und der Estrich geplant werden kann.<\/p>\n<p>Alles in allem: Es geht mit volldampf voran&#8230;<\/p>\n<p>&nbsp;<\/p>\n<p>&nbsp;<\/p>\n","protected":false},"excerpt":{"rendered":"<p>Die erste Juli-Woche haben wir uns freigenommen um den Innenausbau weiter voran zu treiben. Und das ist uns auch gut gelungen: Das Bad im EG hatten wir ja schon in einer Wochenend-Aktion mit OSB und Gipskartonplatten\u00a0verkleidet. Der Rest des EGs &hellip; <a href=\"https:\/\/www.familie-christian.com\/hausbau\/?p=720\">Weiterlesen <span class=\"meta-nav\">&rarr;<\/span><\/a><\/p>\n","protected":false},"author":2,"featured_media":0,"comment_status":"open","ping_status":"open","sticky":false,"template":"","format":"standard","meta":{"footnotes":""},"categories":[9],"tags":[],"class_list":["post-720","post","type-post","status-publish","format-standard","hentry","category-eigenleistung"],"_links":{"self":[{"href":"https:\/\/www.familie-christian.com\/hausbau\/index.php?rest_route=\/wp\/v2\/posts\/720","targetHints":{"allow":["GET"]}}],"collection":[{"href":"https:\/\/www.familie-christian.com\/hausbau\/index.php?rest_route=\/wp\/v2\/posts"}],"about":[{"href":"https:\/\/www.familie-christian.com\/hausbau\/index.php?rest_route=\/wp\/v2\/types\/post"}],"author":[{"embeddable":true,"href":"https:\/\/www.familie-christian.com\/hausbau\/index.php?rest_route=\/wp\/v2\/users\/2"}],"replies":[{"embeddable":true,"href":"https:\/\/www.familie-christian.com\/hausbau\/index.php?rest_route=%2Fwp%2Fv2%2Fcomments&post=720"}],"version-history":[{"count":4,"href":"https:\/\/www.familie-christian.com\/hausbau\/index.php?rest_route=\/wp\/v2\/posts\/720\/revisions"}],"predecessor-version":[{"id":726,"href":"https:\/\/www.familie-christian.com\/hausbau\/index.php?rest_route=\/wp\/v2\/posts\/720\/revisions\/726"}],"wp:attachment":[{"href":"https:\/\/www.familie-christian.com\/hausbau\/index.php?rest_route=%2Fwp%2Fv2%2Fmedia&parent=720"}],"wp:term":[{"taxonomy":"category","embeddable":true,"href":"https:\/\/www.familie-christian.com\/hausbau\/index.php?rest_route=%2Fwp%2Fv2%2Fcategories&post=720"},{"taxonomy":"post_tag","embeddable":true,"href":"https:\/\/www.familie-christian.com\/hausbau\/index.php?rest_route=%2Fwp%2Fv2%2Ftags&post=720"}],"curies":[{"name":"wp","href":"https:\/\/api.w.org\/{rel}","templated":true}]}}